{"id":5383,"date":"2023-05-31T16:15:57","date_gmt":"2023-05-31T14:15:57","guid":{"rendered":"https:\/\/emilee.ch\/?p=5383"},"modified":"2023-06-22T15:44:50","modified_gmt":"2023-06-22T13:44:50","slug":"human-capital-risk-management-the-power-of-kcis","status":"publish","type":"post","link":"https:\/\/emilee.ch\/fr\/human-capital-risk-management-the-power-of-kcis\/","title":{"rendered":"Human Capital Risk Management: the power of KCIs"},"content":{"rendered":"<p>[et_pb_section fb_built=\u00a0\u00bb1&Prime; _builder_version=\u00a0\u00bb4.21.0&Prime; _module_preset=\u00a0\u00bbdefault\u00a0\u00bb global_colors_info=\u00a0\u00bb{}\u00a0\u00bb theme_builder_area=\u00a0\u00bbpost_content\u00a0\u00bb][et_pb_row _builder_version=\u00a0\u00bb4.21.0&Prime; _module_preset=\u00a0\u00bbdefault\u00a0\u00bb global_colors_info=\u00a0\u00bb{}\u00a0\u00bb theme_builder_area=\u00a0\u00bbpost_content\u00a0\u00bb][et_pb_column type=\u00a0\u00bb4_4&Prime; _builder_version=\u00a0\u00bb4.21.0&Prime; _module_preset=\u00a0\u00bbdefault\u00a0\u00bb global_colors_info=\u00a0\u00bb{}\u00a0\u00bb theme_builder_area=\u00a0\u00bbpost_content\u00a0\u00bb][et_pb_text _builder_version=\u00a0\u00bb4.21.0&Prime; _module_preset=\u00a0\u00bbdefault\u00a0\u00bb global_colors_info=\u00a0\u00bb{}\u00a0\u00bb theme_builder_area=\u00a0\u00bbpost_content\u00a0\u00bb]<\/p>\n<p>The 25 and 26 May 2023, emilee was presenting why and how to assess, monitor and mitigate the Human Capital Risk. Risk-!n 2023 event in Zurich has been a outstanding occasion to collect attendees concerns and to effectively position our solutions in the landscape of Risk Management.<\/p>\n<h1>FEW WORDS ABOUT RISK-!N<\/h1>\n<p>Over 250 participants (C-Levels, Risk Managers, Board Members and Risk Management experts), 2 full days and 40 speaker sessions to leverage Risk Management impact on the business. A real challenge to organize such a rich program and to select the key speakers. Definitely, a place to be if you need to set your Enterprise Risk Management at the next level.\u00a0<\/p>\n<p>[\/et_pb_text][et_pb_image src=\u00a0\u00bbhttps:\/\/emilee.ch\/wp-content\/uploads\/2023\/05\/speakersession-Riskin2023-sylvain-mossiere.jpeg\u00a0\u00bb title_text=\u00a0\u00bbspeakersession-Riskin2023-sylvain-mossiere\u00a0\u00bb _builder_version=\u00a0\u00bb4.21.0&Prime; _module_preset=\u00a0\u00bbdefault\u00a0\u00bb global_colors_info=\u00a0\u00bb{}\u00a0\u00bb theme_builder_area=\u00a0\u00bbpost_content\u00a0\u00bb][\/et_pb_image][et_pb_text _builder_version=\u00a0\u00bb4.21.0&Prime; _module_preset=\u00a0\u00bbdefault\u00a0\u00bb global_colors_info=\u00a0\u00bb{}\u00a0\u00bb theme_builder_area=\u00a0\u00bbpost_content\u00a0\u00bb]<\/p>\n<div class=\"et_pb_module et_pb_text et_pb_text_1  et_pb_text_align_left et_pb_bg_layout_light\">\n<div class=\"et_pb_text_inner\">\n<p>Human Capital risk management is everyone\u2019s business. Many could think it\u2019s an HR concern but not only! In fact, HR spend most of their time in managing day-to-day operations (recruitment, mobility, successions and more) related to usual workforce planning. But who knows about tomorrow\u2019s needs? What are the key-roles and thus key competencies that will support future business needs and transformations? Who are the ones who will create true added value despite the Business changes and systemic stress nearly all companies experience today?<\/p>\n<\/div>\n<\/div>\n<div class=\"et_pb_module et_pb_text et_pb_text_2  et_pb_text_align_left et_pb_bg_layout_light\">\n<div class=\"et_pb_text_inner\">\n<h1>C-LEVELS AND MANAGERS<\/h1>\n<p>Are the first concerned, then all talents with their know and<span>\u00a0<\/span><strong>hidden skills<\/strong>. When it\u2019s time to consider Human Capital risks as one of the most critical to assess and mitigate, C-Levels and Managers are struggling with legacy HR processes and systems.\u00a0<\/p>\n<blockquote>\n<p>Traditionnal HR processes and systems are fully OK to serve traditionnal needs. They are mandatory! But new challenges require new approaches, new mindset.\u00a0<\/p>\n<\/blockquote>\n<p>Human Capital Risk Management is therefore a question of active Competency-Based Management (CBM) and, as experience and studies have largely proven: it\u2019s a Management responsibility and all stakeholders have to be involved to cultivate the CBM approach.\u00a0 \u00a0\u00a0<\/p>\n<\/div>\n<\/div>\n<div class=\"et_pb_module et_pb_text et_pb_text_3  et_pb_text_align_left et_pb_bg_layout_light\">\n<div class=\"et_pb_text_inner\">\n<h1>HOW TO PROCEED?<\/h1>\n<p><strong>It has to start from the Board of Directors<\/strong><span>\u00a0<\/span>(defining the right strategy and culture to tackle future business challenges). Then the Board can<span>\u00a0<\/span><strong>plan the drive with the C-suite<\/strong>.\u00a0<\/p>\n<p>C-Suite who will have then<strong><span>\u00a0<\/span>to drive the plan<\/strong><span>\u00a0<\/span>involving managers, leaders and matter experts. This is why real-time monitoring of the KCIs (Key Competency Indicators) is a must have.\u00a0<\/p>\n<blockquote>\n<p>Would you hit the road without a reliable maps\/GPS and power gauges ?<span>\u00a0<\/span><\/p>\n<\/blockquote>\n<\/div>\n<\/div>\n<p>[\/et_pb_text][\/et_pb_column][\/et_pb_row][et_pb_row column_structure=\u00a0\u00bb1_2,1_2&Prime; _builder_version=\u00a0\u00bb4.21.0&Prime; _module_preset=\u00a0\u00bbdefault\u00a0\u00bb global_colors_info=\u00a0\u00bb{}\u00a0\u00bb theme_builder_area=\u00a0\u00bbpost_content\u00a0\u00bb][et_pb_column type=\u00a0\u00bb1_2&Prime; _builder_version=\u00a0\u00bb4.21.0&Prime; _module_preset=\u00a0\u00bbdefault\u00a0\u00bb global_colors_info=\u00a0\u00bb{}\u00a0\u00bb theme_builder_area=\u00a0\u00bbpost_content\u00a0\u00bb][et_pb_image src=\u00a0\u00bbhttps:\/\/emilee.ch\/wp-content\/uploads\/2023\/05\/HCRM-HiddenPower.png\u00a0\u00bb title_text=\u00a0\u00bbHCRM-HiddenPower\u00a0\u00bb _builder_version=\u00a0\u00bb4.21.0&Prime; _module_preset=\u00a0\u00bbdefault\u00a0\u00bb global_colors_info=\u00a0\u00bb{}\u00a0\u00bb theme_builder_area=\u00a0\u00bbpost_content\u00a0\u00bb][\/et_pb_image][\/et_pb_column][et_pb_column type=\u00a0\u00bb1_2&Prime; _builder_version=\u00a0\u00bb4.21.0&Prime; _module_preset=\u00a0\u00bbdefault\u00a0\u00bb global_colors_info=\u00a0\u00bb{}\u00a0\u00bb theme_builder_area=\u00a0\u00bbpost_content\u00a0\u00bb][et_pb_text _builder_version=\u00a0\u00bb4.21.0&Prime; _module_preset=\u00a0\u00bbdefault\u00a0\u00bb global_colors_info=\u00a0\u00bb{}\u00a0\u00bb theme_builder_area=\u00a0\u00bbpost_content\u00a0\u00bb]<\/p>\n<p>A transformation journey is like a road trip: at the beginning, all is fine, Managers and leaders are singing in the backseat, felling the fresh air of future business flowing into their hair&#8230;but sooner than expected, the car is running out of power (skills, engagement;-).\u00a0<\/p>\n<p>This is why hidden potential has to be assessed as soon as possible for a safe journey.<\/p>\n<p>[\/et_pb_text][\/et_pb_column][\/et_pb_row][et_pb_row _builder_version=\u00a0\u00bb4.21.0&Prime; _module_preset=\u00a0\u00bbdefault\u00a0\u00bb theme_builder_area=\u00a0\u00bbpost_content\u00a0\u00bb][et_pb_column _builder_version=\u00a0\u00bb4.21.0&Prime; _module_preset=\u00a0\u00bbdefault\u00a0\u00bb type=\u00a0\u00bb4_4&Prime; theme_builder_area=\u00a0\u00bbpost_content\u00a0\u00bb][et_pb_text _builder_version=\u00a0\u00bb4.21.0&Prime; _module_preset=\u00a0\u00bbdefault\u00a0\u00bb theme_builder_area=\u00a0\u00bbpost_content\u00a0\u00bb hover_enabled=\u00a0\u00bb0&Prime; sticky_enabled=\u00a0\u00bb0&Prime;]<\/p>\n<p>Emilee provides light and actionnable solutions to support ESG \/ Risk Management and transformation programs from day one. More deep insights and posts to come, stay posted on <a href=\"https:\/\/www.linkedin.com\/company\/emilee\" target=\"_blank\" rel=\"noopener\">LinkedIn<\/a> and <a href=\"https:\/\/twitter.com\/emileesolutions\" target=\"_blank\" rel=\"noopener\">Twitter<\/a>.\u00a0<\/p>\n<p>[\/et_pb_text][\/et_pb_column][\/et_pb_row][\/et_pb_section]<\/p>\n","protected":false},"excerpt":{"rendered":"<p>The 25 and 26 May 2023, emilee was presenting why and how to assess, monitor and mitigate the Human Capital Risk. Risk-!n 2023 event in Zurich has been a outstanding occasion to collect attendees concerns and to effectively position our solutions in the landscape of Risk Management. FEW WORDS ABOUT RISK-!N Over 250 participants (C-Levels, [&hellip;]<\/p>\n","protected":false},"author":2,"featured_media":5394,"comment_status":"open","ping_status":"open","sticky":false,"template":"","format":"standard","meta":{"_et_pb_use_builder":"on","_et_pb_old_content":"","_et_gb_content_width":"","content-type":"","footnotes":""},"categories":[38,70,71,68],"tags":[74,73,75,72],"class_list":["post-5383","post","type-post","status-publish","format-standard","has-post-thumbnail","hentry","category-best-practices","category-business-case","category-event","category-human-capital-risk","tag-cbm","tag-hcrm","tag-riskmanagement","tag-sod"],"yoast_head":"<!-- This site is optimized with the Yoast SEO plugin v25.6 - https:\/\/yoast.com\/wordpress\/plugins\/seo\/ -->\n<title>Human Capital Risk Management: the power of KCIs - emilee<\/title>\n<meta name=\"description\" content=\"Why and how to assess, monitor and mitigate the Human Capital Risk management ? Discover it by reading our news.\" \/>\n<meta name=\"robots\" content=\"index, follow, max-snippet:-1, max-image-preview:large, max-video-preview:-1\" \/>\n<link rel=\"canonical\" href=\"https:\/\/emilee.ch\/fr\/human-capital-risk-management-the-power-of-kcis\/\" \/>\n<meta property=\"og:locale\" content=\"fr_FR\" \/>\n<meta property=\"og:type\" content=\"article\" \/>\n<meta property=\"og:title\" content=\"The power of KCIs\" \/>\n<meta property=\"og:description\" content=\"Why and how to assess, monitor and mitigate the Human Capital Risk management ? Discover it by reading our news.\" \/>\n<meta property=\"og:url\" content=\"https:\/\/emilee.ch\/fr\/human-capital-risk-management-the-power-of-kcis\/\" \/>\n<meta property=\"og:site_name\" content=\"emilee\" \/>\n<meta property=\"article:published_time\" content=\"2023-05-31T14:15:57+00:00\" \/>\n<meta property=\"article:modified_time\" content=\"2023-06-22T13:44:50+00:00\" \/>\n<meta property=\"og:image\" content=\"https:\/\/emilee.ch\/wp-content\/uploads\/2023\/05\/Hiddenpowerof-people.png\" \/>\n\t<meta property=\"og:image:width\" content=\"1919\" \/>\n\t<meta property=\"og:image:height\" content=\"468\" \/>\n\t<meta property=\"og:image:type\" content=\"image\/png\" \/>\n<meta name=\"author\" content=\"Skill-S\" \/>\n<meta name=\"twitter:card\" content=\"summary_large_image\" \/>\n<meta name=\"twitter:title\" content=\"The power of KCIs\" \/>\n<meta name=\"twitter:description\" content=\"Why and how to assess, monitor and mitigate the Human Capital Risk management ? Discover it by reading our news.\" \/>\n<meta name=\"twitter:image\" content=\"https:\/\/emilee.ch\/wp-content\/uploads\/2023\/05\/Hiddenpowerof-people.png\" \/>\n<meta name=\"twitter:label1\" content=\"\u00c9crit par\" \/>\n\t<meta name=\"twitter:data1\" content=\"Skill-S\" \/>\n\t<meta name=\"twitter:label2\" content=\"Dur\u00e9e de lecture estim\u00e9e\" \/>\n\t<meta name=\"twitter:data2\" content=\"3 minutes\" \/>\n<script type=\"application\/ld+json\" class=\"yoast-schema-graph\">{\"@context\":\"https:\/\/schema.org\",\"@graph\":[{\"@type\":\"NewsArticle\",\"@id\":\"https:\/\/emilee.ch\/fr\/human-capital-risk-management-the-power-of-kcis\/#article\",\"isPartOf\":{\"@id\":\"https:\/\/emilee.ch\/fr\/human-capital-risk-management-the-power-of-kcis\/\"},\"author\":{\"name\":\"Skill-S\",\"@id\":\"https:\/\/emilee.ch\/fr\/#\/schema\/person\/e6ac4abee3e3ef23c1686052f272c1cc\"},\"headline\":\"Human Capital Risk Management: the power of KCIs\",\"datePublished\":\"2023-05-31T14:15:57+00:00\",\"dateModified\":\"2023-06-22T13:44:50+00:00\",\"mainEntityOfPage\":{\"@id\":\"https:\/\/emilee.ch\/fr\/human-capital-risk-management-the-power-of-kcis\/\"},\"wordCount\":770,\"commentCount\":0,\"publisher\":{\"@id\":\"https:\/\/emilee.ch\/fr\/#organization\"},\"image\":{\"@id\":\"https:\/\/emilee.ch\/fr\/human-capital-risk-management-the-power-of-kcis\/#primaryimage\"},\"thumbnailUrl\":\"https:\/\/emilee.ch\/wp-content\/uploads\/2023\/05\/Hiddenpowerof-people.png\",\"keywords\":[\"CBM\",\"HCRM\",\"RiskManagement\",\"SOD\"],\"articleSection\":[\"Best practices\",\"Business Case\",\"Event\",\"Human Capital Risk\"],\"inLanguage\":\"fr-FR\",\"potentialAction\":[{\"@type\":\"CommentAction\",\"name\":\"Comment\",\"target\":[\"https:\/\/emilee.ch\/fr\/human-capital-risk-management-the-power-of-kcis\/#respond\"]}]},{\"@type\":\"WebPage\",\"@id\":\"https:\/\/emilee.ch\/fr\/human-capital-risk-management-the-power-of-kcis\/\",\"url\":\"https:\/\/emilee.ch\/fr\/human-capital-risk-management-the-power-of-kcis\/\",\"name\":\"Human Capital Risk Management: the power of KCIs - emilee\",\"isPartOf\":{\"@id\":\"https:\/\/emilee.ch\/fr\/#website\"},\"primaryImageOfPage\":{\"@id\":\"https:\/\/emilee.ch\/fr\/human-capital-risk-management-the-power-of-kcis\/#primaryimage\"},\"image\":{\"@id\":\"https:\/\/emilee.ch\/fr\/human-capital-risk-management-the-power-of-kcis\/#primaryimage\"},\"thumbnailUrl\":\"https:\/\/emilee.ch\/wp-content\/uploads\/2023\/05\/Hiddenpowerof-people.png\",\"datePublished\":\"2023-05-31T14:15:57+00:00\",\"dateModified\":\"2023-06-22T13:44:50+00:00\",\"description\":\"Why and how to assess, monitor and mitigate the Human Capital Risk management ? Discover it by reading our news.\",\"breadcrumb\":{\"@id\":\"https:\/\/emilee.ch\/fr\/human-capital-risk-management-the-power-of-kcis\/#breadcrumb\"},\"inLanguage\":\"fr-FR\",\"potentialAction\":[{\"@type\":\"ReadAction\",\"target\":[\"https:\/\/emilee.ch\/fr\/human-capital-risk-management-the-power-of-kcis\/\"]}]},{\"@type\":\"ImageObject\",\"inLanguage\":\"fr-FR\",\"@id\":\"https:\/\/emilee.ch\/fr\/human-capital-risk-management-the-power-of-kcis\/#primaryimage\",\"url\":\"https:\/\/emilee.ch\/wp-content\/uploads\/2023\/05\/Hiddenpowerof-people.png\",\"contentUrl\":\"https:\/\/emilee.ch\/wp-content\/uploads\/2023\/05\/Hiddenpowerof-people.png\",\"width\":1919,\"height\":468,\"caption\":\"A bunch of people talking that represent the human capital risk management\"},{\"@type\":\"BreadcrumbList\",\"@id\":\"https:\/\/emilee.ch\/fr\/human-capital-risk-management-the-power-of-kcis\/#breadcrumb\",\"itemListElement\":[{\"@type\":\"ListItem\",\"position\":1,\"name\":\"Home\",\"item\":\"https:\/\/emilee.ch\/fr\/\"},{\"@type\":\"ListItem\",\"position\":2,\"name\":\"Human Capital Risk Management: the power of KCIs\"}]},{\"@type\":\"WebSite\",\"@id\":\"https:\/\/emilee.ch\/fr\/#website\",\"url\":\"https:\/\/emilee.ch\/fr\/\",\"name\":\"emilee - People are your Force\",\"description\":\"People are your force\",\"publisher\":{\"@id\":\"https:\/\/emilee.ch\/fr\/#organization\"},\"potentialAction\":[{\"@type\":\"SearchAction\",\"target\":{\"@type\":\"EntryPoint\",\"urlTemplate\":\"https:\/\/emilee.ch\/fr\/?s={search_term_string}\"},\"query-input\":{\"@type\":\"PropertyValueSpecification\",\"valueRequired\":true,\"valueName\":\"search_term_string\"}}],\"inLanguage\":\"fr-FR\"},{\"@type\":\"Organization\",\"@id\":\"https:\/\/emilee.ch\/fr\/#organization\",\"name\":\"emilee - People are your Force\",\"url\":\"https:\/\/emilee.ch\/fr\/\",\"logo\":{\"@type\":\"ImageObject\",\"inLanguage\":\"fr-FR\",\"@id\":\"https:\/\/emilee.ch\/fr\/#\/schema\/logo\/image\/\",\"url\":\"https:\/\/emilee.ch\/wp-content\/uploads\/2023\/06\/logo-emilee-couleur.png\",\"contentUrl\":\"https:\/\/emilee.ch\/wp-content\/uploads\/2023\/06\/logo-emilee-couleur.png\",\"width\":585,\"height\":160,\"caption\":\"emilee - People are your Force\"},\"image\":{\"@id\":\"https:\/\/emilee.ch\/fr\/#\/schema\/logo\/image\/\"},\"sameAs\":[\"https:\/\/www.linkedin.com\/company\/emilee\/\"]},{\"@type\":\"Person\",\"@id\":\"https:\/\/emilee.ch\/fr\/#\/schema\/person\/e6ac4abee3e3ef23c1686052f272c1cc\",\"name\":\"Skill-S\",\"image\":{\"@type\":\"ImageObject\",\"inLanguage\":\"fr-FR\",\"@id\":\"https:\/\/emilee.ch\/fr\/#\/schema\/person\/image\/\",\"url\":\"https:\/\/secure.gravatar.com\/avatar\/0e40769c8eec144286e517954120aba1166b6e518540336ba716c166be5cd380?s=96&d=mm&r=g\",\"contentUrl\":\"https:\/\/secure.gravatar.com\/avatar\/0e40769c8eec144286e517954120aba1166b6e518540336ba716c166be5cd380?s=96&d=mm&r=g\",\"caption\":\"Skill-S\"},\"url\":\"https:\/\/emilee.ch\/fr\/author\/skill-s\/\"}]}<\/script>\n<!-- \/ Yoast SEO plugin. -->","yoast_head_json":{"title":"Human Capital Risk Management: the power of KCIs - emilee","description":"Why and how to assess, monitor and mitigate the Human Capital Risk management ? Discover it by reading our news.","robots":{"index":"index","follow":"follow","max-snippet":"max-snippet:-1","max-image-preview":"max-image-preview:large","max-video-preview":"max-video-preview:-1"},"canonical":"https:\/\/emilee.ch\/fr\/human-capital-risk-management-the-power-of-kcis\/","og_locale":"fr_FR","og_type":"article","og_title":"The power of KCIs","og_description":"Why and how to assess, monitor and mitigate the Human Capital Risk management ? Discover it by reading our news.","og_url":"https:\/\/emilee.ch\/fr\/human-capital-risk-management-the-power-of-kcis\/","og_site_name":"emilee","article_published_time":"2023-05-31T14:15:57+00:00","article_modified_time":"2023-06-22T13:44:50+00:00","og_image":[{"width":1919,"height":468,"url":"https:\/\/emilee.ch\/wp-content\/uploads\/2023\/05\/Hiddenpowerof-people.png","type":"image\/png"}],"author":"Skill-S","twitter_card":"summary_large_image","twitter_title":"The power of KCIs","twitter_description":"Why and how to assess, monitor and mitigate the Human Capital Risk management ? Discover it by reading our news.","twitter_image":"https:\/\/emilee.ch\/wp-content\/uploads\/2023\/05\/Hiddenpowerof-people.png","twitter_misc":{"\u00c9crit par":"Skill-S","Dur\u00e9e de lecture estim\u00e9e":"3 minutes"},"schema":{"@context":"https:\/\/schema.org","@graph":[{"@type":"NewsArticle","@id":"https:\/\/emilee.ch\/fr\/human-capital-risk-management-the-power-of-kcis\/#article","isPartOf":{"@id":"https:\/\/emilee.ch\/fr\/human-capital-risk-management-the-power-of-kcis\/"},"author":{"name":"Skill-S","@id":"https:\/\/emilee.ch\/fr\/#\/schema\/person\/e6ac4abee3e3ef23c1686052f272c1cc"},"headline":"Human Capital Risk Management: the power of KCIs","datePublished":"2023-05-31T14:15:57+00:00","dateModified":"2023-06-22T13:44:50+00:00","mainEntityOfPage":{"@id":"https:\/\/emilee.ch\/fr\/human-capital-risk-management-the-power-of-kcis\/"},"wordCount":770,"commentCount":0,"publisher":{"@id":"https:\/\/emilee.ch\/fr\/#organization"},"image":{"@id":"https:\/\/emilee.ch\/fr\/human-capital-risk-management-the-power-of-kcis\/#primaryimage"},"thumbnailUrl":"https:\/\/emilee.ch\/wp-content\/uploads\/2023\/05\/Hiddenpowerof-people.png","keywords":["CBM","HCRM","RiskManagement","SOD"],"articleSection":["Best practices","Business Case","Event","Human Capital Risk"],"inLanguage":"fr-FR","potentialAction":[{"@type":"CommentAction","name":"Comment","target":["https:\/\/emilee.ch\/fr\/human-capital-risk-management-the-power-of-kcis\/#respond"]}]},{"@type":"WebPage","@id":"https:\/\/emilee.ch\/fr\/human-capital-risk-management-the-power-of-kcis\/","url":"https:\/\/emilee.ch\/fr\/human-capital-risk-management-the-power-of-kcis\/","name":"Human Capital Risk Management: the power of KCIs - emilee","isPartOf":{"@id":"https:\/\/emilee.ch\/fr\/#website"},"primaryImageOfPage":{"@id":"https:\/\/emilee.ch\/fr\/human-capital-risk-management-the-power-of-kcis\/#primaryimage"},"image":{"@id":"https:\/\/emilee.ch\/fr\/human-capital-risk-management-the-power-of-kcis\/#primaryimage"},"thumbnailUrl":"https:\/\/emilee.ch\/wp-content\/uploads\/2023\/05\/Hiddenpowerof-people.png","datePublished":"2023-05-31T14:15:57+00:00","dateModified":"2023-06-22T13:44:50+00:00","description":"Why and how to assess, monitor and mitigate the Human Capital Risk management ? Discover it by reading our news.","breadcrumb":{"@id":"https:\/\/emilee.ch\/fr\/human-capital-risk-management-the-power-of-kcis\/#breadcrumb"},"inLanguage":"fr-FR","potentialAction":[{"@type":"ReadAction","target":["https:\/\/emilee.ch\/fr\/human-capital-risk-management-the-power-of-kcis\/"]}]},{"@type":"ImageObject","inLanguage":"fr-FR","@id":"https:\/\/emilee.ch\/fr\/human-capital-risk-management-the-power-of-kcis\/#primaryimage","url":"https:\/\/emilee.ch\/wp-content\/uploads\/2023\/05\/Hiddenpowerof-people.png","contentUrl":"https:\/\/emilee.ch\/wp-content\/uploads\/2023\/05\/Hiddenpowerof-people.png","width":1919,"height":468,"caption":"A bunch of people talking that represent the human capital risk management"},{"@type":"BreadcrumbList","@id":"https:\/\/emilee.ch\/fr\/human-capital-risk-management-the-power-of-kcis\/#breadcrumb","itemListElement":[{"@type":"ListItem","position":1,"name":"Home","item":"https:\/\/emilee.ch\/fr\/"},{"@type":"ListItem","position":2,"name":"Human Capital Risk Management: the power of KCIs"}]},{"@type":"WebSite","@id":"https:\/\/emilee.ch\/fr\/#website","url":"https:\/\/emilee.ch\/fr\/","name":"emilee - People are your Force","description":"People are your force","publisher":{"@id":"https:\/\/emilee.ch\/fr\/#organization"},"potentialAction":[{"@type":"SearchAction","target":{"@type":"EntryPoint","urlTemplate":"https:\/\/emilee.ch\/fr\/?s={search_term_string}"},"query-input":{"@type":"PropertyValueSpecification","valueRequired":true,"valueName":"search_term_string"}}],"inLanguage":"fr-FR"},{"@type":"Organization","@id":"https:\/\/emilee.ch\/fr\/#organization","name":"emilee - People are your Force","url":"https:\/\/emilee.ch\/fr\/","logo":{"@type":"ImageObject","inLanguage":"fr-FR","@id":"https:\/\/emilee.ch\/fr\/#\/schema\/logo\/image\/","url":"https:\/\/emilee.ch\/wp-content\/uploads\/2023\/06\/logo-emilee-couleur.png","contentUrl":"https:\/\/emilee.ch\/wp-content\/uploads\/2023\/06\/logo-emilee-couleur.png","width":585,"height":160,"caption":"emilee - People are your Force"},"image":{"@id":"https:\/\/emilee.ch\/fr\/#\/schema\/logo\/image\/"},"sameAs":["https:\/\/www.linkedin.com\/company\/emilee\/"]},{"@type":"Person","@id":"https:\/\/emilee.ch\/fr\/#\/schema\/person\/e6ac4abee3e3ef23c1686052f272c1cc","name":"Skill-S","image":{"@type":"ImageObject","inLanguage":"fr-FR","@id":"https:\/\/emilee.ch\/fr\/#\/schema\/person\/image\/","url":"https:\/\/secure.gravatar.com\/avatar\/0e40769c8eec144286e517954120aba1166b6e518540336ba716c166be5cd380?s=96&d=mm&r=g","contentUrl":"https:\/\/secure.gravatar.com\/avatar\/0e40769c8eec144286e517954120aba1166b6e518540336ba716c166be5cd380?s=96&d=mm&r=g","caption":"Skill-S"},"url":"https:\/\/emilee.ch\/fr\/author\/skill-s\/"}]}},"_links":{"self":[{"href":"https:\/\/emilee.ch\/fr\/wp-json\/wp\/v2\/posts\/5383","targetHints":{"allow":["GET"]}}],"collection":[{"href":"https:\/\/emilee.ch\/fr\/wp-json\/wp\/v2\/posts"}],"about":[{"href":"https:\/\/emilee.ch\/fr\/wp-json\/wp\/v2\/types\/post"}],"author":[{"embeddable":true,"href":"https:\/\/emilee.ch\/fr\/wp-json\/wp\/v2\/users\/2"}],"replies":[{"embeddable":true,"href":"https:\/\/emilee.ch\/fr\/wp-json\/wp\/v2\/comments?post=5383"}],"version-history":[{"count":15,"href":"https:\/\/emilee.ch\/fr\/wp-json\/wp\/v2\/posts\/5383\/revisions"}],"predecessor-version":[{"id":5866,"href":"https:\/\/emilee.ch\/fr\/wp-json\/wp\/v2\/posts\/5383\/revisions\/5866"}],"wp:featuredmedia":[{"embeddable":true,"href":"https:\/\/emilee.ch\/fr\/wp-json\/wp\/v2\/media\/5394"}],"wp:attachment":[{"href":"https:\/\/emilee.ch\/fr\/wp-json\/wp\/v2\/media?parent=5383"}],"wp:term":[{"taxonomy":"category","embeddable":true,"href":"https:\/\/emilee.ch\/fr\/wp-json\/wp\/v2\/categories?post=5383"},{"taxonomy":"post_tag","embeddable":true,"href":"https:\/\/emilee.ch\/fr\/wp-json\/wp\/v2\/tags?post=5383"}],"curies":[{"name":"wp","href":"https:\/\/api.w.org\/{rel}","templated":true}]}}